{"provider_url": "https://www.canarana.mt.leg.br", "title": "Sess\u00e3o Ordin\u00e1ria 16 de Mar\u00e7o 2026", "html": "<p>Mat\u00e9rias do Expediente</p>\r\n<table class=\"table table-striped table-hover\">\r\n<thead>\r\n<tr><th>Mat\u00e9ria</th><th>Ementa</th><th>Resultado da Vota\u00e7\u00e3o</th></tr>\r\n</thead>\r\n<tbody>\r\n<tr>\r\n<td>1 - Projeto de Decreto Legislativo n\u00ba 2 de 2026<br /><span>Autor</span>: COF - Comiss\u00e3o de Or\u00e7amento e Finan\u00e7as<br /><span>N\u00famero de Protocolo:</span>\u00a0126</td>\r\n<td>\r\n<div class=\"dont-break-out\">Reprova as Contas Anuais de Governo da Prefeitura Municipal de Canarana \u2013 MT, referentes ao exerc\u00edcio financeiro de 2024.</div>\r\n</td>\r\n<td><span>Mat\u00e9ria lida</span></td>\r\n</tr>\r\n<tr>\r\n<td>2 - Indica\u00e7\u00e3o n\u00ba 11 de 2026<br /><span>Autor</span>: Celsinho<br /><span>N\u00famero de Protocolo:</span>\u00a0123</td>\r\n<td>\r\n<div class=\"dont-break-out\">Para que, por interm\u00e9dio da Secretaria Municipal de Educa\u00e7\u00e3o, sejam realizados estudos de viabilidade t\u00e9cnica, pedag\u00f3gica e estrutural para a amplia\u00e7\u00e3o da oferta de ensino em tempo integral na rede municipal de ensino, considerando que atualmente essa modalidade \u00e9 ofertada apenas para crian\u00e7as de 0 a 3 anos de idade, possibilitando sua extens\u00e3o \u00e0s demais etapas da educa\u00e7\u00e3o b\u00e1sica no munic\u00edpio. JUSTIFICATIVA: A presente indica\u00e7\u00e3o atende a uma demanda social apresentada por diversas fam\u00edlias do munic\u00edpio, especialmente m\u00e3es trabalhadoras e chefes de fam\u00edlia, que enfrentam dificuldades em conciliar suas atividades profissionais com o cuidado de seus filhos. Muitas dessas fam\u00edlias n\u00e3o disp\u00f5em de rede de apoio ou de condi\u00e7\u00f5es financeiras para custear cuidadores, o que gera preocupa\u00e7\u00e3o quanto \u00e0 seguran\u00e7a e ao acompanhamento das crian\u00e7as durante o per\u00edodo de trabalho dos respons\u00e1veis. Nesse sentido, a implanta\u00e7\u00e3o ou amplia\u00e7\u00e3o da oferta de ensino em tempo integral na rede municipal representa uma importante pol\u00edtica p\u00fablica, garantindo \u00e0s crian\u00e7as um ambiente seguro, com acompanhamento pedag\u00f3gico e atividades educativas, culturais e esportivas ao longo do dia. Al\u00e9m de contribuir para o desenvolvimento integral dos estudantes, a medida tamb\u00e9m oferece maior tranquilidade \u00e0s fam\u00edlias trabalhadoras, configurando um investimento relevante na educa\u00e7\u00e3o, na prote\u00e7\u00e3o da inf\u00e2ncia e no desenvolvimento social do munic\u00edpio. Diante disso, espera-se que o Poder Executivo avalie a viabilidade da proposta, considerando os benef\u00edcios que a educa\u00e7\u00e3o em tempo integral poder\u00e1 trazer para in\u00fameras fam\u00edlias de nosso munic\u00edpio.</div>\r\n</td>\r\n<td><span>Mat\u00e9ria lida</span></td>\r\n</tr>\r\n<tr>\r\n<td>3 - Indica\u00e7\u00e3o n\u00ba 12 de 2026<br /><span>Autor</span>: Jocasta<br /><span>N\u00famero de Protocolo:</span>\u00a0125</td>\r\n<td>\r\n<div class=\"dont-break-out\">Para que seja analisada a possibilidade de destinar e proceder com a doa\u00e7\u00e3o de uma \u00e1rea p\u00fablica municipal para a constru\u00e7\u00e3o da sede pr\u00f3pria do Distrito Sanit\u00e1rio Especial Ind\u00edgena \u2013 DSEI Xingu no munic\u00edpio de Canarana \u2013 MT. JUSTIFICATIVA: A presente indica\u00e7\u00e3o decorre de reuni\u00e3o realizada na C\u00e2mara Municipal com lideran\u00e7as ind\u00edgenas da regi\u00e3o e representantes do DSEI Xingu, ocasi\u00e3o em que foi apresentado o projeto para constru\u00e7\u00e3o da sede pr\u00f3pria do \u00f3rg\u00e3o no munic\u00edpio de Canarana. Canarana possui posi\u00e7\u00e3o estrat\u00e9gica como portal do Xingu, atendendo uma regi\u00e3o que envolve cerca de 10 munic\u00edpios e mais de 10 mil ind\u00edgenas, por meio de uma estrutura que conta com mais de 500 profissionais dedicados \u00e0 aten\u00e7\u00e3o \u00e0 sa\u00fade ind\u00edgena. Destaca-se ainda que a atua\u00e7\u00e3o do DSEI na regi\u00e3o gera significativa movimenta\u00e7\u00e3o econ\u00f4mica, estimada em aproximadamente R$ 79 milh\u00f5es por ano, contribuindo diretamente para o fortalecimento do com\u00e9rcio e da economia local. Ressalta-se que o projeto da sede j\u00e1 se encontra elaborado, sendo a disponibiliza\u00e7\u00e3o de uma \u00e1rea pelo munic\u00edpio um passo fundamental para viabilizar a implanta\u00e7\u00e3o da estrutura definitiva. A constru\u00e7\u00e3o da sede do DSEI em Canarana representa importante avan\u00e7o para o fortalecimento da sa\u00fade ind\u00edgena na regi\u00e3o, al\u00e9m de consolidar o munic\u00edpio como polo regional de refer\u00eancia, promovendo desenvolvimento e melhores condi\u00e7\u00f5es de atendimento \u00e0s comunidades ind\u00edgenas.</div>\r\n</td>\r\n<td><span>Mat\u00e9ria lida</span></td>\r\n</tr>\r\n<tr>\r\n<td>4 - Mo\u00e7\u00e3o n\u00ba 12 de 2026<br /><span>Autor</span>: Celsinho<br /><span>N\u00famero de Protocolo:</span>\u00a0121</td>\r\n<td>\r\n<div class=\"dont-break-out\">MO\u00c7\u00c3O DE APLAUSO \u00e0 equipe de colaboradores do gabinete do Deputado Estadual Beto Dois a Um, em reconhecimento ao comprometimento, \u00e0 aten\u00e7\u00e3o e ao profissionalismo demonstrados no atendimento \u00e0s demandas do munic\u00edpio de Canarana \u2013 MT. O empenho e a dedica\u00e7\u00e3o da equipe no acolhimento das demandas, no encaminhamento de solicita\u00e7\u00f5es e na busca por solu\u00e7\u00f5es junto aos \u00f3rg\u00e3os competentes demonstram compromisso com o servi\u00e7o p\u00fablico e com o fortalecimento das rela\u00e7\u00f5es institucionais entre o Poder Legislativo Estadual e os munic\u00edpios. Reconhecer o trabalho daqueles que atuam nos bastidores da gest\u00e3o p\u00fablica \u00e9 tamb\u00e9m valorizar o esfor\u00e7o coletivo que contribui para o desenvolvimento das cidades e para a melhoria da qualidade de vida da popula\u00e7\u00e3o.</div>\r\n</td>\r\n<td><span>Aprovado</span></td>\r\n</tr>\r\n<tr>\r\n<td>5 - Mo\u00e7\u00e3o n\u00ba 13 de 2026<br /><span>Autor</span>: M\u00e1rcia<br /><span>N\u00famero de Protocolo:</span>\u00a0122</td>\r\n<td>\r\n<div class=\"dont-break-out\">MO\u00c7\u00c3O DE APLAUSO \u00e0 empresa Disvale em reconhecimento \u00e0 sua trajet\u00f3ria de crescimento, contribui\u00e7\u00e3o econ\u00f4mica e relevante atua\u00e7\u00e3o na distribui\u00e7\u00e3o de bebidas na regi\u00e3o do Vale do Araguaia. Ao longo de quase duas d\u00e9cadas de atua\u00e7\u00e3o, a empresa consolidou-se como refer\u00eancia no setor, destacando-se pela seriedade, organiza\u00e7\u00e3o e efici\u00eancia log\u00edstica, contando com estrutura pr\u00f3pria e frota de caminh\u00f5es que atende diversos munic\u00edpios da regi\u00e3o. Ressalta-se ainda sua importante atua\u00e7\u00e3o na distribui\u00e7\u00e3o de produtos da Ambev, contribuindo significativamente para o fortalecimento do com\u00e9rcio regional e para o desenvolvimento da economia local.</div>\r\n</td>\r\n<td><span>Aprovado</span></td>\r\n</tr>\r\n<tr>\r\n<td>6 - Mo\u00e7\u00e3o n\u00ba 14 de 2026<br /><span>Autor</span>: Subtenente Sancler Santar\u00e9m<br /><span>N\u00famero de Protocolo:</span>\u00a0127</td>\r\n<td>\r\n<div class=\"dont-break-out\">MO\u00c7\u00c3O DE APLAUSO A enfermeira Padr\u00e3o Stella Kalkmann E ao motorista Ivanderlei Vieira Costa Servidores da Secretaria Municipal de Sa\u00fade, que, enquanto se deslocavam em uma ambul\u00e2ncia com destino \u00e0 capital do Estado, prestaram pronto socorro \u00e0s v\u00edtimas de um acidente ocorrido no trajeto entre os munic\u00edpios de Canarana e Cuiab\u00e1.</div>\r\n</td>\r\n<td><span>Aprovado</span></td>\r\n</tr>\r\n</tbody>\r\n</table>\r\n<p><br /><br /><br />Oradores do Expediente</p>\r\n<div class=\"row\">\r\n<div class=\"col-md-4\">Parlamentar</div>\r\n<div class=\"col-md-4\">Discurso</div>\r\n<div class=\"col-md-4\">Observa\u00e7\u00e3o</div>\r\n</div>\r\n<div class=\"row\">\r\n<div class=\"col-md-4\"><span>1</span>\u00a0- Dile</div>\r\n<div class=\"col-md-4\"></div>\r\n<div class=\"col-md-4\"></div>\r\n<br />\r\n<div class=\"col-md-4\"><span>2</span>\u00a0- Investigador Gustavo</div>\r\n<div class=\"col-md-4\"></div>\r\n<div class=\"col-md-4\"></div>\r\n<br />\r\n<div class=\"col-md-4\"><span>3</span>\u00a0- Jocasta</div>\r\n<div class=\"col-md-4\"></div>\r\n<div class=\"col-md-4\"></div>\r\n<br />\r\n<div class=\"col-md-4\"><span>4</span>\u00a0- M\u00e1rcia</div>\r\n<div class=\"col-md-4\"></div>\r\n<div class=\"col-md-4\"></div>\r\n<br />\r\n<div class=\"col-md-4\"><span>5</span>\u00a0- Miltinho</div>\r\n<div class=\"col-md-4\"></div>\r\n<div class=\"col-md-4\"></div>\r\n<br />\r\n<div class=\"col-md-4\"><span>6</span>\u00a0- Rafael Govari</div>\r\n<div class=\"col-md-4\"></div>\r\n<div class=\"col-md-4\"></div>\r\n<br />\r\n<div class=\"col-md-4\"><span>7</span>\u00a0- Professor Rosinelson</div>\r\n<div class=\"col-md-4\"></div>\r\n<div class=\"col-md-4\"></div>\r\n<br />\r\n<div class=\"col-md-4\"><span>8</span>\u00a0- Subtenente Sancler Santar\u00e9m</div>\r\n<div class=\"col-md-4\"></div>\r\n<div class=\"col-md-4\"></div>\r\n<br />\r\n<div class=\"col-md-4\"><span>9</span>\u00a0- Amanda da Roza</div>\r\n<div class=\"col-md-4\"></div>\r\n<div class=\"col-md-4\"></div>\r\n<br />\r\n<div class=\"col-md-4\"><span>10</span>\u00a0- Andr\u00e9 da Madeireira</div>\r\n<div class=\"col-md-4\"></div>\r\n<div class=\"col-md-4\"></div>\r\n<br />\r\n<div class=\"col-md-4\"><span>11</span>\u00a0- Celsinho</div>\r\n<div class=\"col-md-4\"></div>\r\n<div class=\"col-md-4\"></div>\r\n</div>\r\n<p><br /><br /><br />Lista de Presen\u00e7a na Ordem do Dia</p>\r\n<div class=\"row\">\r\n<div class=\"col-md-12\">Amanda da Roza / PSDB</div>\r\n<div class=\"col-md-12\">Andr\u00e9 da Madeireira / PSDB</div>\r\n<div class=\"col-md-12\">Celsinho / UNI\u00c3O</div>\r\n<div class=\"col-md-12\">Dile / PL</div>\r\n<div class=\"col-md-12\">Investigador Gustavo / Republicanos</div>\r\n<div class=\"col-md-12\">Jocasta / MDB</div>\r\n<div class=\"col-md-12\">M\u00e1rcia / MDB</div>\r\n<div class=\"col-md-12\">Miltinho / PL</div>\r\n<div class=\"col-md-12\">Professor Rosinelson / UNI\u00c3O</div>\r\n<div class=\"col-md-12\">Rafael Govari / UNI\u00c3O</div>\r\n<div class=\"col-md-12\">Subtenente Sancler Santar\u00e9m / PSD</div>\r\n</div>\r\n<p><br /><br /><br />Mat\u00e9rias da Ordem do Dia</p>\r\n<table class=\"table table-striped table-hover\">\r\n<thead>\r\n<tr><th>Mat\u00e9ria</th><th>Ementa</th><th>Resultado da Vota\u00e7\u00e3o</th></tr>\r\n</thead>\r\n<tbody>\r\n<tr>\r\n<td>1 - Projeto de Decreto Legislativo n\u00ba 2 de 2026<br /><span>Autor</span>: COF - Comiss\u00e3o de Or\u00e7amento e Finan\u00e7as<br /><span>N\u00famero de Protocolo:</span>\u00a0126</td>\r\n<td>\r\n<div class=\"dont-break-out\">Reprova as Contas Anuais de Governo da Prefeitura Municipal de Canarana \u2013 MT, referentes ao exerc\u00edcio financeiro de 2024.</div>\r\n</td>\r\n<td><span>Rejeitado</span></td>\r\n</tr>\r\n</tbody>\r\n</table>\r\n<p><br /><br /><br />Vota\u00e7\u00f5es Nominais - Mat\u00e9rias da Ordem do Dia</p>\r\n<table class=\"table table-striped table-hover\">\r\n<thead>\r\n<tr><th>Mat\u00e9ria</th><th>Votos</th></tr>\r\n</thead>\r\n<tbody>\r\n<tr>\r\n<td>Projeto de Decreto Legislativo n\u00ba 2 de 2026</td>\r\n<td>\r\n<ul>\r\n<li><span>Amanda da Roza</span>\u00a0- Sim</li>\r\n<li><span>Andr\u00e9 da Madeireira</span>\u00a0- N\u00e3o</li>\r\n<li><span>Celsinho</span>\u00a0- Absten\u00e7\u00e3o</li>\r\n<li><span>Dile</span>\u00a0- Sim</li>\r\n<li><span>Investigador Gustavo</span>\u00a0- N\u00e3o</li>\r\n<li><span>Jocasta</span>\u00a0- N\u00e3o</li>\r\n<li><span>M\u00e1rcia</span>\u00a0- N\u00e3o</li>\r\n<li><span>Miltinho</span>\u00a0- Sim</li>\r\n<li><span>Professor Rosinelson</span>\u00a0- N\u00e3o</li>\r\n<li><span>Rafael Govari</span>\u00a0- N\u00e3o</li>\r\n<li><span>Subtenente Sancler Santar\u00e9m</span>\u00a0- Absten\u00e7\u00e3o</li>\r\n</ul>\r\n</td>\r\n</tr>\r\n</tbody>\r\n</table>", "author_name": "", "version": "1.0", "author_url": "https://www.canarana.mt.leg.br/author/cnu", "provider_name": "C\u00e2mara Municipal", "type": "rich"}